{"id":913,"date":"2025-12-19T12:01:40","date_gmt":"2025-12-19T11:01:40","guid":{"rendered":"https:\/\/travailetapprentissages.fr\/?p=913"},"modified":"2025-12-19T12:01:40","modified_gmt":"2025-12-19T11:01:40","slug":"n-28-elaborer-une-structure-conceptuelle-en-didactique-professionnelle-fondements-demarches-methodologiques-et-perspectives","status":"publish","type":"post","link":"https:\/\/travailetapprentissages.fr\/?p=913","title":{"rendered":"N\u00b0 28 \u00ab\u00a0\u00c9laborer une structure conceptuelle en didactique professionnelle : fondements, d\u00e9marches m\u00e9thodologiques et perspectives\u00a0\u00bb"},"content":{"rendered":"\n<figure class=\"wp-block-image size-full\"><img loading=\"lazy\" decoding=\"async\" width=\"182\" height=\"300\" src=\"https:\/\/travailetapprentissages.fr\/wp-content\/uploads\/2025\/12\/Page-garde-n\u00b028-1.webp\" alt=\"\" class=\"wp-image-917\"\/><\/figure>\n\n\n\n<p><strong>Coordonn\u00e9 par Charlotte Dejaegher (Universit\u00e9 de Namur, Belgique), Otilia Holgado, (Universit\u00e9 de Sherbrooke, Qu\u00e9bec) et Jonathan Rappe (Universit\u00e9 de Li\u00e8ge, Belgique)<\/strong><\/p>\n\n\n\n<p>L&rsquo;introduction et les 6 articles d\u00e9crivent les fondements conceptuels et les m\u00e9thodologies permettant de mod\u00e9liser \u00ab\u00a0les savoirs d\u2019action particuliers que mobilisent les professionnels chevronn\u00e9s en situation\u00a0\u00bb pour agir avec efficacit\u00e9 et s&rsquo;adapter aux situations professionnelles, ce que les les chercheurs du champ de la didactique professionnelle d\u00e9signent avec le concept de \u00ab\u00a0structures conceptuelles des situations\u00a0\u00bb.<\/p>\n\n\n\n<p>Ce faisant, ce num\u00e9ro propose des cl\u00e9s pour aborder une question centrale de la conception des dispositifs de la formation professionnelle : comment rep\u00e9rer, \u00e0 partir de l&rsquo;analyse du travail, \u201cce qui est \u00e0 apprendre\u201d pour agir efficacement en situation professionnelle.<\/p>\n\n\n\n<p>Bonne lecture !<\/p>\n\n\n\n<p>Acc\u00e9der au num\u00e9ro : <a href=\"https:\/\/shs.cairn.info\/revue-travail-et-apprentissages-2025-1?lang=fr\">https:\/\/shs.cairn.info\/revue-travail-et-apprentissages-2025-1?lang=fr<\/a><\/p>\n\n\n\n<h2 class=\"wp-block-heading\">Sommaire<\/h2>\n\n\n\n<p>Introduction : L\u2019\u00e9laboration de la structure conceptuelle d\u2019une situation professionnelle en didactique professionnelle\u00a0: un chemin entam\u00e9 (<a href=\"https:\/\/shs.cairn.info\/publications-de-charlotte-dejaegher--703793?lang=fr\">Charlotte Dejaegher<\/a>, <a href=\"https:\/\/shs.cairn.info\/publications-de-otilia-holgado--716512?lang=fr\">Otilia Holgado<\/a> et\u00a0<a href=\"https:\/\/shs.cairn.info\/publications-de-jonathan-rappe--703794?lang=fr\">Jonathan Rappe<\/a>)<\/p>\n\n\n\n<p>Comment \u00e9tudier l\u2019action professionnelle \u00e0 l\u2019aide du cadre th\u00e9orique du sch\u00e8me\u00a0? Une m\u00e9thode d\u2019analyse (<a href=\"https:\/\/shs.cairn.info\/publications-de-jonathan-rappe--703794?lang=fr\">Jonathan Rappe<\/a> et\u00a0<a href=\"https:\/\/shs.cairn.info\/publications-de-patricia-schillings--84033?lang=fr\">Patricia Schillings<\/a>)<a href=\"https:\/\/shs.cairn.info\/revue-travail-et-apprentissages-2025-1-page-40?lang=fr\"><\/a><\/p>\n\n\n\n<p>Analyse des invariants op\u00e9ratoires dans les mod\u00e8les op\u00e9ratifs d\u2019enseignants confront\u00e9s \u00e0 une nouvelle classe de situations\u00a0: quels leviers m\u00e9thodologiques possibles\u00a0? (<a href=\"https:\/\/shs.cairn.info\/publications-de-amelie-lipp--769708?lang=fr\">Am\u00e9lie Lipp)<\/a><a href=\"https:\/\/shs.cairn.info\/revue-travail-et-apprentissages-2025-1-page-59?lang=fr\"><\/a><\/p>\n\n\n\n<p>Structure conceptuelle des situations\u00a0: entre mod\u00e8les et repr\u00e9sentations graphiques (<a href=\"https:\/\/shs.cairn.info\/publications-de-geraldine-body--718378?lang=fr\">G\u00e9raldine Body<\/a>, <a href=\"https:\/\/shs.cairn.info\/publications-de-pierre-parage--42210?lang=fr\">Pierre Parage<\/a> et\u00a0<a href=\"https:\/\/shs.cairn.info\/publications-de-gregory-munoz--51899?lang=fr\">Gregory Mu\u00f1oz<\/a>)<a href=\"https:\/\/shs.cairn.info\/revue-travail-et-apprentissages-2025-1-page-81?lang=fr\"><\/a><\/p>\n\n\n\n<p>Conception d\u2019un dispositif de formation dans les m\u00e9tiers adress\u00e9s \u00e0 autrui en didactique professionnelle\u00a0: quand la structure conceptuelle ne suffit plus (<a href=\"https:\/\/shs.cairn.info\/publications-de-charlotte-dejaegher--703793?lang=fr\">Charlotte Dejaegher<\/a> et\u00a0<a href=\"https:\/\/shs.cairn.info\/publications-de-yves-depluvrez--703796?lang=fr\">Yves Depluvrez<\/a>)<a href=\"https:\/\/shs.cairn.info\/revue-travail-et-apprentissages-2025-1-page-96?lang=fr\"><\/a><\/p>\n\n\n\n<p>Structure conceptuelle de la situation\u00a0: un outil, des usages\u00a0? Etude crois\u00e9e sur l\u2019appropriation m\u00e9thodologique de cet outil par le chercheur dans son activit\u00e9 d\u2019analyse de l\u2019activit\u00e9 professionnelle (<a href=\"https:\/\/shs.cairn.info\/publications-de-guillaume-gillet--670548?lang=fr\">Guillaume Gillet)<\/a><a href=\"https:\/\/shs.cairn.info\/revue-travail-et-apprentissages-2025-1-page-115?lang=fr\"><\/a><\/p>\n\n\n\n<p>Postface pour des d\u00e9bats \u00e0 venir : Voltigeurs-chercheurs et concepts de la didactique professionnelle\u00a0(<a href=\"https:\/\/shs.cairn.info\/publications-de-paul-olry--2623?lang=fr\">Paul Olry<\/a>)<\/p>\n\n\n\n<p><\/p>\n","protected":false},"excerpt":{"rendered":"<p>Coordonn\u00e9 par Charlotte Dejaegher (Universit\u00e9 de Namur, Belgique), Otilia Holgado, (Universit\u00e9 de Sherbrooke, Qu\u00e9bec) et Jonathan Rappe (Universit\u00e9 de Li\u00e8ge, Belgique) L&rsquo;introduction et les 6 articles d\u00e9crivent les fondements conceptuels et les m\u00e9thodologies permettant de mod\u00e9liser \u00ab\u00a0les savoirs d\u2019action particuliers que mobilisent les professionnels chevronn\u00e9s en situation\u00a0\u00bb pour agir avec efficacit\u00e9 et s&rsquo;adapter aux situations [&hellip;]<\/p>\n","protected":false},"author":1,"featured_media":0,"comment_status":"open","ping_status":"open","sticky":false,"template":"","format":"standard","meta":{"footnotes":""},"categories":[1],"tags":[],"class_list":["post-913","post","type-post","status-publish","format-standard","hentry","category-non-classe"],"_links":{"self":[{"href":"https:\/\/travailetapprentissages.fr\/index.php?rest_route=\/wp\/v2\/posts\/913","targetHints":{"allow":["GET"]}}],"collection":[{"href":"https:\/\/travailetapprentissages.fr\/index.php?rest_route=\/wp\/v2\/posts"}],"about":[{"href":"https:\/\/travailetapprentissages.fr\/index.php?rest_route=\/wp\/v2\/types\/post"}],"author":[{"embeddable":true,"href":"https:\/\/travailetapprentissages.fr\/index.php?rest_route=\/wp\/v2\/users\/1"}],"replies":[{"embeddable":true,"href":"https:\/\/travailetapprentissages.fr\/index.php?rest_route=%2Fwp%2Fv2%2Fcomments&post=913"}],"version-history":[{"count":4,"href":"https:\/\/travailetapprentissages.fr\/index.php?rest_route=\/wp\/v2\/posts\/913\/revisions"}],"predecessor-version":[{"id":919,"href":"https:\/\/travailetapprentissages.fr\/index.php?rest_route=\/wp\/v2\/posts\/913\/revisions\/919"}],"wp:attachment":[{"href":"https:\/\/travailetapprentissages.fr\/index.php?rest_route=%2Fwp%2Fv2%2Fmedia&parent=913"}],"wp:term":[{"taxonomy":"category","embeddable":true,"href":"https:\/\/travailetapprentissages.fr\/index.php?rest_route=%2Fwp%2Fv2%2Fcategories&post=913"},{"taxonomy":"post_tag","embeddable":true,"href":"https:\/\/travailetapprentissages.fr\/index.php?rest_route=%2Fwp%2Fv2%2Ftags&post=913"}],"curies":[{"name":"wp","href":"https:\/\/api.w.org\/{rel}","templated":true}]}}